{"id":510,"date":"2013-06-24T08:46:37","date_gmt":"2013-06-24T08:46:37","guid":{"rendered":"https:\/\/miju.es\/w\/es\/?p=510"},"modified":"2013-12-12T08:55:05","modified_gmt":"2013-12-12T08:55:05","slug":"queremos-que-la-pyme-aragonesa-conozca-las-oportunidades-de-la-india","status":"publish","type":"post","link":"https:\/\/miju.es\/w\/es\/queremos-que-la-pyme-aragonesa-conozca-las-oportunidades-de-la-india\/","title":{"rendered":"Queremos que la pyme aragonesa conozca las oportunidades de la India"},"content":{"rendered":"<h2>Queremos que la pyme aragonesa conozca las oportunidades de la India.<\/h2>\n<p><strong><span style=\"font-size: 13px; line-height: 19px;\">Seminario sobre oportunidades\u00a0<\/span><span style=\"font-size: 13px; line-height: 19px;\">de negocio para\u00a0<\/span><span style=\"font-size: 13px; line-height: 19px;\">pymes espa\u00f1olas en India.<\/span><\/strong><\/p>\n<p>La sesi\u00f3n, organizada\u00a0por la Fundaci\u00f3n Consejo Espa\u00f1a-India, se celebra el\u00a0mi\u00e9rcoles en el Palacio de La\u00a0Aljafer\u00eda. Intervendr\u00e1n la\u00a0presidenta de Arag\u00f3n, Luisa\u00a0Fernanda Rudi; el presidente\u00a0de la fundaci\u00f3n Consejo Espa\u00f1a-India, Antonio Esc\u00e1mez,\u00a0que preside tambi\u00e9n la\u00a0fundaci\u00f3n Banco Santander;\u00a0y el embajador de Espa\u00f1a en\u00a0la India, Gustavo de Ar\u00edstegui.\u00a0Habr\u00e1 \u00a0representaci\u00f3n de\u00a0organizaciones aragonesas\u00a0e indias y de empresas, como\u00a0Tata,\u00a0<a href=\"http:\/\/www.miju.es\/w\/es\/\">MIJU S.A.<\/a>\u00a0o Grupo Alcor.<\/p>\n<p>Noticia completa en <a href=\"https:\/\/miju.es\/w\/es\/wp-content\/uploads\/sites\/2\/2013\/12\/58_HERALDO_DE_ARAGON20130624-pag_42.pdf\">archivo pdf<\/a>.<\/p>\n<p>Fuente: <a href=\"https:\/\/miju.es\/w\/es\/wp-content\/uploads\/sites\/2\/2013\/12\/58_HERALDO_DE_ARAGON20130624-pag_42.pdf\">HERALDO DE ARAGON, 23 de Junio de 2013<\/a>.<\/p>\n","protected":false},"excerpt":{"rendered":"<p>Queremos que la pyme aragonesa conozca las oportunidades de la India. Seminario sobre oportunidades\u00a0de negocio para\u00a0pymes espa\u00f1olas en India. La sesi\u00f3n, organizada\u00a0por la Fundaci\u00f3n Consejo Espa\u00f1a-India, se celebra el\u00a0mi\u00e9rcoles en el Palacio de La\u00a0Aljafer\u00eda. Intervendr\u00e1n la\u00a0presidenta de Arag\u00f3n, Luisa\u00a0Fernanda Rudi; el presidente\u00a0de la fundaci\u00f3n Consejo Espa\u00f1a-India, Antonio Esc\u00e1mez,\u00a0que preside tambi\u00e9n la\u00a0fundaci\u00f3n Banco Santander;\u00a0y el embajador [&hellip;]<\/p>\n","protected":false},"author":1,"featured_media":0,"comment_status":"closed","ping_status":"open","sticky":false,"template":"","format":"status","meta":[],"categories":[22],"tags":[],"_links":{"self":[{"href":"https:\/\/miju.es\/w\/es\/wp-json\/wp\/v2\/posts\/510"}],"collection":[{"href":"https:\/\/miju.es\/w\/es\/wp-json\/wp\/v2\/posts"}],"about":[{"href":"https:\/\/miju.es\/w\/es\/wp-json\/wp\/v2\/types\/post"}],"author":[{"embeddable":true,"href":"https:\/\/miju.es\/w\/es\/wp-json\/wp\/v2\/users\/1"}],"replies":[{"embeddable":true,"href":"https:\/\/miju.es\/w\/es\/wp-json\/wp\/v2\/comments?post=510"}],"version-history":[{"count":2,"href":"https:\/\/miju.es\/w\/es\/wp-json\/wp\/v2\/posts\/510\/revisions"}],"predecessor-version":[{"id":513,"href":"https:\/\/miju.es\/w\/es\/wp-json\/wp\/v2\/posts\/510\/revisions\/513"}],"wp:attachment":[{"href":"https:\/\/miju.es\/w\/es\/wp-json\/wp\/v2\/media?parent=510"}],"wp:term":[{"taxonomy":"category","embeddable":true,"href":"https:\/\/miju.es\/w\/es\/wp-json\/wp\/v2\/categories?post=510"},{"taxonomy":"post_tag","embeddable":true,"href":"https:\/\/miju.es\/w\/es\/wp-json\/wp\/v2\/tags?post=510"}],"curies":[{"name":"wp","href":"https:\/\/api.w.org\/{rel}","templated":true}]}}